{"id":293,"date":"2021-05-21T00:43:57","date_gmt":"2021-05-20T22:43:57","guid":{"rendered":"http:\/\/progress-foundation.nexline.ch\/?p=293"},"modified":"2021-05-21T01:19:24","modified_gmt":"2021-05-20T23:19:24","slug":"the-somm-show-with-gerhard-schwarz","status":"publish","type":"post","link":"https:\/\/pf.annen.ch\/en\/2021\/05\/21\/the-somm-show-with-gerhard-schwarz\/","title":{"rendered":"The Somm Show with Gerhard Schwarz"},"content":{"rendered":"<h2>\u00abIch bin von Grund auf ein Optimist. Es kommt gut\u00bb<\/h2>\n<div class=\"nv-iframe-embed\"><iframe loading=\"lazy\" title=\"The Somm Show Ep. 5: mit Gerhard Schwarz: \u00abIch bin von Grund auf ein Optimist. Es kommt gut\u00bb\" width=\"1200\" height=\"675\" src=\"https:\/\/www.youtube.com\/embed\/NEt6SYmPGh0?feature=oembed\" frameborder=\"0\" allow=\"accelerometer; autoplay; clipboard-write; encrypted-media; gyroscope; picture-in-picture\" allowfullscreen><\/iframe><\/div>\n<p>NZZ, Avenir Suisse, Buchautor und streitbarer Geist: Gerhard Schwarz im Gespr\u00e4ch mit Markus Somm.<\/p>\n<p>Gerhard Schwarz war jahrzehntelang an vorderster Front dabei, wenn es darum ging, einen Liberalismus zu verteidigen, der sich nicht anbiedert und zeitgeistig aufl\u00f6st, sondern hart und klar bleibt wie ein frischer Wintermorgen. Als geb\u00fcrtiger Vorarlberger, der zum Studium in die Schweiz gekommen war, mag der Blick von aussen ihn bis heute gepr\u00e4gt haben. Im Gegensatz zu \u00d6sterreich, seiner ersten Heimat, war die Schweiz immer eine Hochburg des triumphalen Freisinns an der Macht, w\u00e4hrend in \u00d6sterreich die Liberalen seit gut zweihundert Jahren Niederlage nach Niederlage erlitten. Das macht aufmerksam, das macht klarsichtig. Nachdem Schwarz an der HSG sein Studium als promovierter \u00d6konom abgeschlossen hatte, stieg er bei der NZZ in den Journalismus ein, f\u00fchrte lange Jahre das Wirtschaftsressort und stieg damals zum schlechten Gewissen jedes Sonntagsliberalen auf. Schliesslich f\u00fchrte er als Direktor <i class=\"fa fa-external-link\" aria-hidden=\"true\"><\/i> <a href=\"https:\/\/www.avenir-suisse.ch\">Avenir Suisse<\/a>, den unter seiner \u00c4gide dezidiert liberalen Think Tank der Wirtschaft.<\/p>\n<p>Schwarz, nun pensioniert, aber nach wie vor aktiv hat ein <a href=\"https:\/\/pf.annen.ch\/en\/publications\/books\/die-schweiz-hat-zukunft\/\">neues, gl\u00e4nzendes Buch<\/a> geschrieben \u00fcber die Eigenart der Schweiz, deren \u00fcberzeugter Staatsb\u00fcrger er im \u00dcbrigen schon lange ist. Mit Markus Somm redet er \u00fcber seine beiden Heimaten, \u00fcber den Zustand unserer Politik, vor allem \u00fcber seine Zuversicht. Trotz mancher Irrwege, die unser Land derzeit verfolgt: Es komme gut, meint Schwarz.<\/p>\n","protected":false},"excerpt":{"rendered":"<p>\u00abIch bin von Grund auf ein Optimist. Es kommt gut\u00bb NZZ, Avenir Suisse, Buchautor und streitbarer Geist: Gerhard Schwarz im Gespr\u00e4ch mit Markus Somm. Gerhard Schwarz war jahrzehntelang an vorderster Front dabei, wenn es darum ging, einen Liberalismus zu verteidigen, der sich nicht anbiedert und zeitgeistig aufl\u00f6st, sondern hart und klar bleibt wie ein frischer&hellip;&nbsp;<a href=\"https:\/\/pf.annen.ch\/en\/2021\/05\/21\/the-somm-show-with-gerhard-schwarz\/\" class=\"\" rel=\"bookmark\">Read More &raquo;<span class=\"screen-reader-text\">The Somm Show with Gerhard Schwarz<\/span><\/a><\/p>\n","protected":false},"author":1,"featured_media":0,"comment_status":"open","ping_status":"open","sticky":false,"template":"","format":"standard","meta":{"neve_meta_sidebar":"","neve_meta_container":"","neve_meta_enable_content_width":"off","neve_meta_content_width":0,"neve_meta_title_alignment":"","neve_meta_author_avatar":"","neve_post_elements_order":"","neve_meta_disable_header":"","neve_meta_disable_footer":"","neve_meta_disable_title":"","footnotes":"","_links_to":"","_links_to_target":""},"categories":[29],"tags":[],"_links":{"self":[{"href":"https:\/\/pf.annen.ch\/en\/wp-json\/wp\/v2\/posts\/293"}],"collection":[{"href":"https:\/\/pf.annen.ch\/en\/wp-json\/wp\/v2\/posts"}],"about":[{"href":"https:\/\/pf.annen.ch\/en\/wp-json\/wp\/v2\/types\/post"}],"author":[{"embeddable":true,"href":"https:\/\/pf.annen.ch\/en\/wp-json\/wp\/v2\/users\/1"}],"replies":[{"embeddable":true,"href":"https:\/\/pf.annen.ch\/en\/wp-json\/wp\/v2\/comments?post=293"}],"version-history":[{"count":5,"href":"https:\/\/pf.annen.ch\/en\/wp-json\/wp\/v2\/posts\/293\/revisions"}],"predecessor-version":[{"id":320,"href":"https:\/\/pf.annen.ch\/en\/wp-json\/wp\/v2\/posts\/293\/revisions\/320"}],"wp:attachment":[{"href":"https:\/\/pf.annen.ch\/en\/wp-json\/wp\/v2\/media?parent=293"}],"wp:term":[{"taxonomy":"category","embeddable":true,"href":"https:\/\/pf.annen.ch\/en\/wp-json\/wp\/v2\/categories?post=293"},{"taxonomy":"post_tag","embeddable":true,"href":"https:\/\/pf.annen.ch\/en\/wp-json\/wp\/v2\/tags?post=293"}],"curies":[{"name":"wp","href":"https:\/\/api.w.org\/{rel}","templated":true}]}}