{"id":296,"date":"2021-05-21T00:45:14","date_gmt":"2021-05-20T22:45:14","guid":{"rendered":"http:\/\/progress-foundation.nexline.ch\/?p=296"},"modified":"2021-05-21T00:45:14","modified_gmt":"2021-05-20T22:45:14","slug":"es-braucht-den-aufstand-der-liberalen-justizministerin","status":"publish","type":"post","link":"https:\/\/pf.annen.ch\/en\/2021\/05\/21\/es-braucht-den-aufstand-der-liberalen-justizministerin\/","title":{"rendered":"Es braucht den Aufstand der liberalen Justizministerin"},"content":{"rendered":"<p>In der 100-Jahre-Jubil\u00e4umsausgabe des \u201eSchweizer Monat\u201c nimmt Konrad Hummler, Vizepr\u00e4sident der Progress Foundation, die heutige Bundesr\u00e4tin Karin Keller-Sutter mit einer Aussage aus dem Jahr 2008 beim Wort: Der Staat solle die Bev\u00f6lkerung nicht bevormunden, sagte Keller-Sutter damals. Hummler setzt bei der derzeitigen Pandemiebew\u00e4ltigung an, die aus seiner Sicht dieses Credo verletzt und die B\u00fcrgerinnen und B\u00fcrger stark einschr\u00e4nkt. Deshalb brauche es heute noch mehr als damals liberal denkende Menschen wie Bundesr\u00e4tin Keller-Sutter. Sie m\u00fcsste eigentlich in die bevormundende Pandemiebek\u00e4mpfung korrigierend eingreifen.<\/p>\n<p>Den Text finden Sie hier als PDF zum Download:<\/p>\n<p><i class=\"fa fa-file-pdf-o\" aria-hidden=\"true\"><\/i> <a href=\"https:\/\/pf.annen.ch\/wp-content\/uploads\/2021\/04\/der_vergessene_mittelstand.pdf\">Der vergessene Mittelstand<\/a><\/p>\n","protected":false},"excerpt":{"rendered":"<p>In der 100-Jahre-Jubil\u00e4umsausgabe des \u201eSchweizer Monat\u201c nimmt Konrad Hummler, Vizepr\u00e4sident der Progress Foundation, die heutige Bundesr\u00e4tin Karin Keller-Sutter mit einer Aussage aus dem Jahr 2008 beim Wort: Der Staat solle die Bev\u00f6lkerung nicht bevormunden, sagte Keller-Sutter damals. Hummler setzt bei der derzeitigen Pandemiebew\u00e4ltigung an, die aus seiner Sicht dieses Credo verletzt und die B\u00fcrgerinnen und&hellip;&nbsp;<a href=\"https:\/\/pf.annen.ch\/en\/2021\/05\/21\/es-braucht-den-aufstand-der-liberalen-justizministerin\/\" class=\"\" rel=\"bookmark\">Read More &raquo;<span class=\"screen-reader-text\">Es braucht den Aufstand der liberalen Justizministerin<\/span><\/a><\/p>\n","protected":false},"author":1,"featured_media":0,"comment_status":"open","ping_status":"open","sticky":false,"template":"","format":"standard","meta":{"neve_meta_sidebar":"","neve_meta_container":"","neve_meta_enable_content_width":"off","neve_meta_content_width":0,"neve_meta_title_alignment":"","neve_meta_author_avatar":"","neve_post_elements_order":"","neve_meta_disable_header":"","neve_meta_disable_footer":"","neve_meta_disable_title":"","footnotes":"","_links_to":"","_links_to_target":""},"categories":[],"tags":[],"_links":{"self":[{"href":"https:\/\/pf.annen.ch\/en\/wp-json\/wp\/v2\/posts\/296"}],"collection":[{"href":"https:\/\/pf.annen.ch\/en\/wp-json\/wp\/v2\/posts"}],"about":[{"href":"https:\/\/pf.annen.ch\/en\/wp-json\/wp\/v2\/types\/post"}],"author":[{"embeddable":true,"href":"https:\/\/pf.annen.ch\/en\/wp-json\/wp\/v2\/users\/1"}],"replies":[{"embeddable":true,"href":"https:\/\/pf.annen.ch\/en\/wp-json\/wp\/v2\/comments?post=296"}],"version-history":[{"count":2,"href":"https:\/\/pf.annen.ch\/en\/wp-json\/wp\/v2\/posts\/296\/revisions"}],"predecessor-version":[{"id":298,"href":"https:\/\/pf.annen.ch\/en\/wp-json\/wp\/v2\/posts\/296\/revisions\/298"}],"wp:attachment":[{"href":"https:\/\/pf.annen.ch\/en\/wp-json\/wp\/v2\/media?parent=296"}],"wp:term":[{"taxonomy":"category","embeddable":true,"href":"https:\/\/pf.annen.ch\/en\/wp-json\/wp\/v2\/categories?post=296"},{"taxonomy":"post_tag","embeddable":true,"href":"https:\/\/pf.annen.ch\/en\/wp-json\/wp\/v2\/tags?post=296"}],"curies":[{"name":"wp","href":"https:\/\/api.w.org\/{rel}","templated":true}]}}