{"id":3964,"date":"2016-10-28T12:59:48","date_gmt":"2016-10-28T10:59:48","guid":{"rendered":"http:\/\/progress-foundation.nexline.ch\/?p=3964"},"modified":"2021-07-14T13:21:02","modified_gmt":"2021-07-14T11:21:02","slug":"wirtschaftsverfassung-statt-wirtschaftsregierung","status":"publish","type":"post","link":"https:\/\/pf.annen.ch\/en\/2016\/10\/28\/wirtschaftsverfassung-statt-wirtschaftsregierung\/","title":{"rendered":"Wirtschaftsverfassung statt Wirtschaftsregierung!"},"content":{"rendered":"<p><a href=\"https:\/\/pf.annen.ch\/personen\/michael-wohlgemuth\/\">Michael Wohlgemuth<\/a> &#8211; <a href=\"https:\/\/pf.annen.ch\/veranstaltungen\/economic-conferences-und-andere-anlaesse\/welche-zukunft-fuer-europa\/\">43. Economic Conference<\/a><\/p>\n<div class=\"referat\">\nVortrag von Prof. Michael Wohlgemuth,<br \/>\nOpen Europe Berlin<\/p>\n<p><strong>Wirtschaftsverfassung statt Wirtschaftsregierung!<br \/>\nUnvereinbare Optionen f\u00fcr eine \u201epolitische Union\u201c der EU<\/strong><\/p>\n<p>Fast auf den Tag 70 Jahre nach Winston Churchill in Z\u00fcrich eine Rede zur Zukunft Europas halten zu d\u00fcrfen, n\u00f6tigt enormen Respekt ab. Was w\u00fcrde Churchill heute sagen? Er h\u00e4tte sich wohl gewundert, dass seine Landsleute in diesem Jahr f\u00fcr den Austritt aus der Europ\u00e4ischen Union gestimmt haben \u2013 vor allem, weil er sich nie vorstellen konnte, dass sie \u00fcberhaupt jemals einer \u201eArt von Vereinigten Staaten von Europa\u201c beitreten w\u00fcrden. Dass Deutschland und Frankreich den Kern dieser Vereinigung bilden m\u00fcssten, hat er klar gesehen \u2013 und dabei Recht behalten. Dass ein vereinigtes Europa eines Tages so frei und gl\u00fccklich sein werde wie die Schweiz \u2013 diese Erwartung Churchills hat sich heute dagegen nicht wirklich erf\u00fcllt. <\/p>\n<p>&#8230;<\/p>\n<p><i class=\"fa fa-file-pdf-o\" aria-hidden=\"true\"><\/i> <a href=\"https:\/\/pf.annen.ch\/wp-content\/uploads\/2021\/06\/43.ec_Referat-M.Wohlgemuth_D.pdf\">Text<\/a>\n<\/div>\n","protected":false},"excerpt":{"rendered":"<p>Michael Wohlgemuth &#8211; 43. Economic Conference Vortrag von Prof. Michael Wohlgemuth, Open Europe Berlin Wirtschaftsverfassung statt Wirtschaftsregierung! Unvereinbare Optionen f\u00fcr eine \u201epolitische Union\u201c der EU Fast auf den Tag 70 Jahre nach Winston Churchill in Z\u00fcrich eine Rede zur Zukunft Europas halten zu d\u00fcrfen, n\u00f6tigt enormen Respekt ab. Was w\u00fcrde Churchill heute sagen? Er h\u00e4tte&hellip;&nbsp;<a href=\"https:\/\/pf.annen.ch\/en\/2016\/10\/28\/wirtschaftsverfassung-statt-wirtschaftsregierung\/\" class=\"\" rel=\"bookmark\">Read More &raquo;<span class=\"screen-reader-text\">Wirtschaftsverfassung statt Wirtschaftsregierung!<\/span><\/a><\/p>\n","protected":false},"author":1,"featured_media":0,"comment_status":"open","ping_status":"open","sticky":false,"template":"","format":"standard","meta":{"neve_meta_sidebar":"","neve_meta_container":"","neve_meta_enable_content_width":"off","neve_meta_content_width":0,"neve_meta_title_alignment":"","neve_meta_author_avatar":"","neve_post_elements_order":"","neve_meta_disable_header":"","neve_meta_disable_footer":"","neve_meta_disable_title":"","footnotes":"","_links_to":"","_links_to_target":""},"categories":[3],"tags":[],"_links":{"self":[{"href":"https:\/\/pf.annen.ch\/en\/wp-json\/wp\/v2\/posts\/3964"}],"collection":[{"href":"https:\/\/pf.annen.ch\/en\/wp-json\/wp\/v2\/posts"}],"about":[{"href":"https:\/\/pf.annen.ch\/en\/wp-json\/wp\/v2\/types\/post"}],"author":[{"embeddable":true,"href":"https:\/\/pf.annen.ch\/en\/wp-json\/wp\/v2\/users\/1"}],"replies":[{"embeddable":true,"href":"https:\/\/pf.annen.ch\/en\/wp-json\/wp\/v2\/comments?post=3964"}],"version-history":[{"count":5,"href":"https:\/\/pf.annen.ch\/en\/wp-json\/wp\/v2\/posts\/3964\/revisions"}],"predecessor-version":[{"id":3984,"href":"https:\/\/pf.annen.ch\/en\/wp-json\/wp\/v2\/posts\/3964\/revisions\/3984"}],"wp:attachment":[{"href":"https:\/\/pf.annen.ch\/en\/wp-json\/wp\/v2\/media?parent=3964"}],"wp:term":[{"taxonomy":"category","embeddable":true,"href":"https:\/\/pf.annen.ch\/en\/wp-json\/wp\/v2\/categories?post=3964"},{"taxonomy":"post_tag","embeddable":true,"href":"https:\/\/pf.annen.ch\/en\/wp-json\/wp\/v2\/tags?post=3964"}],"curies":[{"name":"wp","href":"https:\/\/api.w.org\/{rel}","templated":true}]}}